{"id":201,"date":"2023-07-03T11:34:24","date_gmt":"2023-07-03T09:34:24","guid":{"rendered":"https:\/\/edithsteinfriedensgebet.wordpress.com\/?p=201"},"modified":"2023-07-03T11:34:24","modified_gmt":"2023-07-03T09:34:24","slug":"politikerinnen-und-politiker","status":"publish","type":"post","link":"https:\/\/friedensgebet.karmel.at\/?p=201","title":{"rendered":"Politikerinnen und Politiker"},"content":{"rendered":"\n<p>Wir beten f\u00fcr die Politikerinnen und Politiker in Ost und West, dass sie die W\u00fcrde, Freiheit und Selbstbestimmung der Menschen ihrer eigenen L\u00e4nder und aller anderen Staaten achten, dass sie f\u00fcr das Wohl aller Menschen in Europa Wege des Ausgleichs, der Entspannung und des Friedens suchen und gehen.<\/p>\n","protected":false},"excerpt":{"rendered":"<p>Wir beten f\u00fcr die Politikerinnen und Politiker in Ost und West, dass sie die W\u00fcrde, Freiheit und Selbstbestimmung der Menschen ihrer eigenen L\u00e4nder und aller anderen Staaten achten, dass sie f\u00fcr das Wohl aller Menschen in Europa Wege des Ausgleichs, der Entspannung und des Friedens suchen und gehen.<\/p>\n","protected":false},"author":1,"featured_media":203,"comment_status":"open","ping_status":"open","sticky":false,"template":"","format":"standard","meta":{"footnotes":""},"categories":[1],"tags":[5],"class_list":["post-201","post","type-post","status-publish","format-standard","has-post-thumbnail","hentry","category-uncategorized","tag-bausteine"],"_links":{"self":[{"href":"https:\/\/friedensgebet.karmel.at\/index.php?rest_route=\/wp\/v2\/posts\/201","targetHints":{"allow":["GET"]}}],"collection":[{"href":"https:\/\/friedensgebet.karmel.at\/index.php?rest_route=\/wp\/v2\/posts"}],"about":[{"href":"https:\/\/friedensgebet.karmel.at\/index.php?rest_route=\/wp\/v2\/types\/post"}],"author":[{"embeddable":true,"href":"https:\/\/friedensgebet.karmel.at\/index.php?rest_route=\/wp\/v2\/users\/1"}],"replies":[{"embeddable":true,"href":"https:\/\/friedensgebet.karmel.at\/index.php?rest_route=%2Fwp%2Fv2%2Fcomments&post=201"}],"version-history":[{"count":0,"href":"https:\/\/friedensgebet.karmel.at\/index.php?rest_route=\/wp\/v2\/posts\/201\/revisions"}],"wp:featuredmedia":[{"embeddable":true,"href":"https:\/\/friedensgebet.karmel.at\/index.php?rest_route=\/wp\/v2\/media\/203"}],"wp:attachment":[{"href":"https:\/\/friedensgebet.karmel.at\/index.php?rest_route=%2Fwp%2Fv2%2Fmedia&parent=201"}],"wp:term":[{"taxonomy":"category","embeddable":true,"href":"https:\/\/friedensgebet.karmel.at\/index.php?rest_route=%2Fwp%2Fv2%2Fcategories&post=201"},{"taxonomy":"post_tag","embeddable":true,"href":"https:\/\/friedensgebet.karmel.at\/index.php?rest_route=%2Fwp%2Fv2%2Ftags&post=201"}],"curies":[{"name":"wp","href":"https:\/\/api.w.org\/{rel}","templated":true}]}}