{"id":205,"date":"2023-07-03T11:37:34","date_gmt":"2023-07-03T09:37:34","guid":{"rendered":"https:\/\/edithsteinfriedensgebet.wordpress.com\/?p=205"},"modified":"2023-07-03T11:37:34","modified_gmt":"2023-07-03T09:37:34","slug":"uns-selbst","status":"publish","type":"post","link":"https:\/\/friedensgebet.karmel.at\/?p=205","title":{"rendered":"Uns Selbst"},"content":{"rendered":"\n<p>Wir beten f\u00fcr uns selbst, dass wir unsere eigenen Anteile an Konflikten erkennen, im Umgang mit anderen, mit der Sch\u00f6pfung und ihren Ressourcen, in unserer Einstellung und Haltung gegen\u00fcber Menschen anderer Religion, Hautfarbe und Herkunft. Liedruf<\/p>\n","protected":false},"excerpt":{"rendered":"<p>Wir beten f\u00fcr uns selbst, dass wir unsere eigenen Anteile an Konflikten erkennen, im Umgang mit anderen, mit der Sch\u00f6pfung und ihren Ressourcen, in unserer Einstellung und Haltung gegen\u00fcber Menschen anderer Religion, Hautfarbe und Herkunft. Liedruf<\/p>\n","protected":false},"author":1,"featured_media":340,"comment_status":"open","ping_status":"open","sticky":false,"template":"","format":"standard","meta":{"footnotes":""},"categories":[1],"tags":[5],"class_list":["post-205","post","type-post","status-publish","format-standard","has-post-thumbnail","hentry","category-uncategorized","tag-bausteine"],"_links":{"self":[{"href":"https:\/\/friedensgebet.karmel.at\/index.php?rest_route=\/wp\/v2\/posts\/205","targetHints":{"allow":["GET"]}}],"collection":[{"href":"https:\/\/friedensgebet.karmel.at\/index.php?rest_route=\/wp\/v2\/posts"}],"about":[{"href":"https:\/\/friedensgebet.karmel.at\/index.php?rest_route=\/wp\/v2\/types\/post"}],"author":[{"embeddable":true,"href":"https:\/\/friedensgebet.karmel.at\/index.php?rest_route=\/wp\/v2\/users\/1"}],"replies":[{"embeddable":true,"href":"https:\/\/friedensgebet.karmel.at\/index.php?rest_route=%2Fwp%2Fv2%2Fcomments&post=205"}],"version-history":[{"count":0,"href":"https:\/\/friedensgebet.karmel.at\/index.php?rest_route=\/wp\/v2\/posts\/205\/revisions"}],"wp:featuredmedia":[{"embeddable":true,"href":"https:\/\/friedensgebet.karmel.at\/index.php?rest_route=\/wp\/v2\/media\/340"}],"wp:attachment":[{"href":"https:\/\/friedensgebet.karmel.at\/index.php?rest_route=%2Fwp%2Fv2%2Fmedia&parent=205"}],"wp:term":[{"taxonomy":"category","embeddable":true,"href":"https:\/\/friedensgebet.karmel.at\/index.php?rest_route=%2Fwp%2Fv2%2Fcategories&post=205"},{"taxonomy":"post_tag","embeddable":true,"href":"https:\/\/friedensgebet.karmel.at\/index.php?rest_route=%2Fwp%2Fv2%2Ftags&post=205"}],"curies":[{"name":"wp","href":"https:\/\/api.w.org\/{rel}","templated":true}]}}