{"id":212,"date":"2023-07-03T11:40:35","date_gmt":"2023-07-03T09:40:35","guid":{"rendered":"https:\/\/edithsteinfriedensgebet.wordpress.com\/?p=212"},"modified":"2023-07-03T11:40:35","modified_gmt":"2023-07-03T09:40:35","slug":"edith-stein","status":"publish","type":"post","link":"https:\/\/friedensgebet.karmel.at\/?p=212","title":{"rendered":"Edith Stein"},"content":{"rendered":"\n<p><strong>V:<\/strong> Hl. Edith Stein, Patronin Europas,<\/p>\n\n\n\n<p><strong>A:<\/strong> bitte f\u00fcr uns.<\/p>\n\n\n\n<p><strong>V: <\/strong>Barmherziger Gott, die hl. Teresia Benedicta vom Kreuz &#8211; Edith Stein hat dir ihr Leben angeboten, f\u00fcr den Frieden der Welt. Schenke auf ihre F\u00fcrsprache den L\u00e4ndern Europas und der ganzen Erde deinen Frieden.<\/p>\n\n\n\n<p>Darum bitten wir durch Christus, unseren Bruder und Herrn.<\/p>\n\n\n\n<p><strong>A:<\/strong> Amen.<\/p>\n","protected":false},"excerpt":{"rendered":"<p>V: Hl. Edith Stein, Patronin Europas, A: bitte f\u00fcr uns. V: Barmherziger Gott, die hl. Teresia Benedicta vom Kreuz &#8211; Edith Stein hat dir ihr Leben angeboten, f\u00fcr den Frieden der Welt. Schenke auf ihre F\u00fcrsprache den L\u00e4ndern Europas und der ganzen Erde deinen Frieden. Darum bitten wir durch Christus, unseren Bruder und Herrn. A: [&hellip;]<\/p>\n","protected":false},"author":1,"featured_media":58,"comment_status":"open","ping_status":"open","sticky":false,"template":"","format":"standard","meta":{"footnotes":""},"categories":[1],"tags":[5],"class_list":["post-212","post","type-post","status-publish","format-standard","has-post-thumbnail","hentry","category-uncategorized","tag-bausteine"],"_links":{"self":[{"href":"https:\/\/friedensgebet.karmel.at\/index.php?rest_route=\/wp\/v2\/posts\/212","targetHints":{"allow":["GET"]}}],"collection":[{"href":"https:\/\/friedensgebet.karmel.at\/index.php?rest_route=\/wp\/v2\/posts"}],"about":[{"href":"https:\/\/friedensgebet.karmel.at\/index.php?rest_route=\/wp\/v2\/types\/post"}],"author":[{"embeddable":true,"href":"https:\/\/friedensgebet.karmel.at\/index.php?rest_route=\/wp\/v2\/users\/1"}],"replies":[{"embeddable":true,"href":"https:\/\/friedensgebet.karmel.at\/index.php?rest_route=%2Fwp%2Fv2%2Fcomments&post=212"}],"version-history":[{"count":0,"href":"https:\/\/friedensgebet.karmel.at\/index.php?rest_route=\/wp\/v2\/posts\/212\/revisions"}],"wp:featuredmedia":[{"embeddable":true,"href":"https:\/\/friedensgebet.karmel.at\/index.php?rest_route=\/wp\/v2\/media\/58"}],"wp:attachment":[{"href":"https:\/\/friedensgebet.karmel.at\/index.php?rest_route=%2Fwp%2Fv2%2Fmedia&parent=212"}],"wp:term":[{"taxonomy":"category","embeddable":true,"href":"https:\/\/friedensgebet.karmel.at\/index.php?rest_route=%2Fwp%2Fv2%2Fcategories&post=212"},{"taxonomy":"post_tag","embeddable":true,"href":"https:\/\/friedensgebet.karmel.at\/index.php?rest_route=%2Fwp%2Fv2%2Ftags&post=212"}],"curies":[{"name":"wp","href":"https:\/\/api.w.org\/{rel}","templated":true}]}}