{"id":299,"date":"2025-08-06T04:00:00","date_gmt":"2025-08-06T04:00:00","guid":{"rendered":"https:\/\/edithsteinfriedensgebet.wordpress.com\/?p=299"},"modified":"2025-07-20T19:41:18","modified_gmt":"2025-07-20T19:41:18","slug":"siebente-tag-in-den-heiligen-ist-gott-gegenwartig","status":"publish","type":"post","link":"https:\/\/friedensgebet.karmel.at\/?p=299","title":{"rendered":"Siebenter Tag: In den Heiligen ist Gott gegenw\u00e4rtig"},"content":{"rendered":"\n<p><strong>Edith Stein:<\/strong> \u201eEs ist gut, daran zu denken, dass wir unser B\u00fcrgerrecht im Himmel haben und die Heiligen des Himmels zu Mitb\u00fcrgern und Hausgenossen (Eph 2, 19). Dann tragt man leichter an den Dingen, quae sunt super terram [die auf Erden sind, Kol 3,2].\u201c (ESGA 3, Br. 613, 14.04.1939) \u2013 \u201e[\u2026] die Gemeinschaft der Heiligen [\u2026], das ewige Urbild zu dem verg\u00e4nglichen Gleichnis menschlichen Gemeinschaftslebens, [\u2026] und [\u2026] die erbarmende [\u2026] Liebe in der Gestalt der Himmelsk\u00f6nigin [\u2026], sie verm\u00f6gen nichts anderes als die Str\u00f6me der Gnade weiterzuleiten, die am Stamm des Kreuzes entspringen: aus dem ge\u00f6ffneten Herzen des Erl\u00f6sers, das unsere S\u00fcnden durchstachen. (ESGA 16, 167f.) \u2013 \u201eChristus, in dem allein die ganze F\u00fclle der g\u00f6ttlichen Liebe eine leibhafte St\u00e4tte gefunden hat, ist darum faktisch der einzige Stellvertreter aller vor Gott und das wahre \u201aHaupt der Gemeinde\u2018, das die eine Kirche zusammenh\u00e4lt. Alle andern sind Glieder der Kirche je nach dem, was ihnen an Geist und Gaben zu teil geworden ist [\u2026].\u201c (ESGA 9, 38) \u2013 \u201e[\u2026] an ihn [Christus], an einen Propheten oder Heiligen glauben hei\u00dft gar nichts anderes als [\u2026] in ihm Gott gegenw\u00e4rtig sp\u00fcren.\u201c (ESGA 9, 70) \u2013 Das Wirken der Heiligen wird \u201e[\u2026] vom Urquell alles Feuers und Lichtes [\u2026] gen\u00e4hrt und erhalten, um als nie versiegende, befruchtende Segensquelle immer wieder hervorzubrechen. Ein solcher Segensquell ist uns erschlossen durch das Ged\u00e4chtnis der lieblichen Heiligen [\u2026]\u201c. (ESGA 19, 31f.)<\/p>\n\n\n\n<p><strong>Gebet:<\/strong> Schwester Benedicta, es ist wunderbar tr\u00f6stlich, jetzt schon im Glauben teilnehmen zu d\u00fcrfen an Eurer Wirklichkeit. Erbarme Dich, wie Du es schon so oft tatest: Leite die Str\u00f6me der Gnaden weiter, die dem g\u00f6ttlichen Herzen entspringen: O Jesus, Dein Erbarmen in das Dunkel <strong>unserer Not [\u2026 der leidenden Menschen in der Ukraine];<\/strong> Deine Allmacht in die Ohnmacht unseres Unverm\u00f6gens; Deine g\u00f6ttliche Wahrheit in unsere Traurigkeit. Maria, Du unsere Mutter, erinnere Dich an Deine Schmerzen und bitte f\u00fcr uns. Amen.<\/p>\n","protected":false},"excerpt":{"rendered":"<p>Edith Stein: \u201eEs ist gut, daran zu denken, dass wir unser B\u00fcrgerrecht im Himmel haben und die Heiligen des Himmels zu Mitb\u00fcrgern und Hausgenossen (Eph 2, 19). Dann tragt man leichter an den Dingen, quae sunt super terram [die auf Erden sind, Kol 3,2].\u201c (ESGA 3, Br. 613, 14.04.1939) \u2013 \u201e[\u2026] die Gemeinschaft der Heiligen [&hellip;]<\/p>\n","protected":false},"author":1,"featured_media":78,"comment_status":"open","ping_status":"open","sticky":false,"template":"","format":"standard","meta":{"footnotes":""},"categories":[7],"tags":[6],"class_list":["post-299","post","type-post","status-publish","format-standard","has-post-thumbnail","hentry","category-novene","tag-novene"],"_links":{"self":[{"href":"https:\/\/friedensgebet.karmel.at\/index.php?rest_route=\/wp\/v2\/posts\/299","targetHints":{"allow":["GET"]}}],"collection":[{"href":"https:\/\/friedensgebet.karmel.at\/index.php?rest_route=\/wp\/v2\/posts"}],"about":[{"href":"https:\/\/friedensgebet.karmel.at\/index.php?rest_route=\/wp\/v2\/types\/post"}],"author":[{"embeddable":true,"href":"https:\/\/friedensgebet.karmel.at\/index.php?rest_route=\/wp\/v2\/users\/1"}],"replies":[{"embeddable":true,"href":"https:\/\/friedensgebet.karmel.at\/index.php?rest_route=%2Fwp%2Fv2%2Fcomments&post=299"}],"version-history":[{"count":2,"href":"https:\/\/friedensgebet.karmel.at\/index.php?rest_route=\/wp\/v2\/posts\/299\/revisions"}],"predecessor-version":[{"id":492,"href":"https:\/\/friedensgebet.karmel.at\/index.php?rest_route=\/wp\/v2\/posts\/299\/revisions\/492"}],"wp:featuredmedia":[{"embeddable":true,"href":"https:\/\/friedensgebet.karmel.at\/index.php?rest_route=\/wp\/v2\/media\/78"}],"wp:attachment":[{"href":"https:\/\/friedensgebet.karmel.at\/index.php?rest_route=%2Fwp%2Fv2%2Fmedia&parent=299"}],"wp:term":[{"taxonomy":"category","embeddable":true,"href":"https:\/\/friedensgebet.karmel.at\/index.php?rest_route=%2Fwp%2Fv2%2Fcategories&post=299"},{"taxonomy":"post_tag","embeddable":true,"href":"https:\/\/friedensgebet.karmel.at\/index.php?rest_route=%2Fwp%2Fv2%2Ftags&post=299"}],"curies":[{"name":"wp","href":"https:\/\/api.w.org\/{rel}","templated":true}]}}